{"id":3175,"date":"2016-06-29T07:34:57","date_gmt":"2016-06-29T05:34:57","guid":{"rendered":"http:\/\/www.trading-ideen.de\/wordpress\/?p=3175"},"modified":"2016-06-29T07:34:57","modified_gmt":"2016-06-29T05:34:57","slug":"boerse-wirtschaftsdaten-des-tages-gfk-konsumklimaindikator-fuer-juli","status":"publish","type":"post","link":"https:\/\/www.trading-ideen.de\/wordpress\/boerse-wirtschaftsdaten-des-tages-gfk-konsumklimaindikator-fuer-juli\/","title":{"rendered":"B\u00f6rse &#8211; Wirtschaftsdaten des Tages: GfK-Konsumklimaindikator f\u00fcr Juli"},"content":{"rendered":"<p>Liebe Traderinnen, liebe Trader,<\/p>\n<p>achten Sie heute auf folgende Datenver\u00f6ffentlichungen <em>&#8211; insbesondere auf die fett markierten.<\/em><\/p>\n<p>&nbsp;<\/p>\n<ul>\n<li><strong>08:00 DE: GfK-Konsumklimaindikator Juli Prognose: 9,8 Punkte; zuvor: 9,8 Punkte <\/strong><\/li>\n<li>09:00 EU: Informelles Gipfeltreffen der Staats- und Regierungschefs ohne britischem Premier Cameron, Br\u00fcssel<\/li>\n<li>09:00 ES: HVPI und Verbraucherpreise Juni (vorl\u00e4ufig) HVPI Prognose: -1,0% gg Vj; zuvor: -1,1% gg Vj<\/li>\n<li>10:00 DE: Verbraucherpreise Bayern, Brandenburg und Hessen Juni<\/li>\n<li>10:00 PT: EZB, Abschluss Forum on Central Banking (seit 27.6.), u.a. Teilnahme von EZB-Direktorin Lautenschl\u00e4ger (10 Uhr) und EZB-Vizepr\u00e4sident Constancio (12.30 Uhr)<\/li>\n<li>10:00 Porsche Automobil Holding HV<\/li>\n<li>10:30 DE: Verbraucherpreise Nordrhein-Westfalen Juni<\/li>\n<li>10:50 EU: EZB, Zuteilung eines Dollar-Swap-Repogesch\u00e4fts<\/li>\n<li><strong>11:00 DE: ifo-Kreditumfrage Juni <\/strong><\/li>\n<li>11:00 EU: Gesch\u00e4ftsklimaindex Eurozone Juni Prognose: +0,25; zuvor: +0,26<\/li>\n<li>11:00 EU: Index Wirtschaftsstimmung Juni Wirtschaftsstimmung Eurozone Prognose: 104,7; zuvor: 104,7; Industrievertrauen Eurozone Prognose: -3,5; zuvor: -3,6; Verbrauchervertrauen Eurozone Prognose: -7,3 Vorabsch\u00e4tzung: -7,3; zuvor: -7,0<\/li>\n<li>11:30 EU: EZB, Zuteilung 3-monatiger Langfrist-Refi-Tender<\/li>\n<li><strong>14:00 DE: Verbraucherpreise Juni (vorl\u00e4ufig) Prognose: +0,2% gg Vm\/+0,4% gg Vj; zuvor: +0,3% gg Vm\/+0,1% gg Vj <\/strong><\/li>\n<li><strong>14:30 US: Pers\u00f6nliche Ausgaben und Einkommen Mai Pers\u00f6nliche Ausgaben Prognose: +0,4% gg Vm; zuvor: +1,0% gg Vm; Pers\u00f6nliche Einkommen Prognose: +0,3% gg Vm; zuvor: +0,4% gg Vm <\/strong><\/li>\n<li>16:30 US: Roh\u00f6llagerbest\u00e4nde (Woche)<\/li>\n<li>18:00 LU: Academy of European Law, Rede von EZB-Direktor Mersch, Luxemburg<\/li>\n<li>22:30 US: Federal Reserve, umfassende Ergebnisse der Banken- Stresstests nach dem Dodd-Frank-Act, Washington<\/li>\n<\/ul>\n<p>&nbsp;<\/p>\n<p>Jetzt gilt es die Er\u00f6ffnung mit Spannung abzuwarten. Allen Lesern w\u00fcnsche ich viel Erfolg!<\/p>\n<p>Die Tabelle mit den aktuellen Trends sowie Unterst\u00fctzungen und Widerst\u00e4nde f\u00fcr DAX und EUR\/USD erhalten Sie meist kurz vor 9 Uhr.<\/p>\n<p>&nbsp;<\/p>\n<p>Ihr<\/p>\n<p><em>Till Kleinlein<\/em><\/p>\n","protected":false},"excerpt":{"rendered":"<div class=\"mh-excerpt\"><p>Liebe Traderinnen, liebe Trader, achten Sie heute auf folgende Datenver\u00f6ffentlichungen &#8211; insbesondere auf die fett markierten. &nbsp; 08:00 DE: GfK-Konsumklimaindikator Juli Prognose: 9,8 Punkte; zuvor: 9,8 Punkte 09:00 EU: Informelles Gipfeltreffen der Staats- und Regierungschefs <a class=\"mh-excerpt-more\" href=\"https:\/\/www.trading-ideen.de\/wordpress\/boerse-wirtschaftsdaten-des-tages-gfk-konsumklimaindikator-fuer-juli\/\" title=\"B\u00f6rse &#8211; Wirtschaftsdaten des Tages: GfK-Konsumklimaindikator f\u00fcr Juli\">[&#8230;]<\/a><\/p>\n<\/div>","protected":false},"author":3,"featured_media":728,"comment_status":"open","ping_status":"closed","sticky":false,"template":"","format":"standard","meta":{"footnotes":""},"categories":[1],"tags":[117,119,133,114],"class_list":{"0":"post-3175","1":"post","2":"type-post","3":"status-publish","4":"format-standard","5":"has-post-thumbnail","7":"category-allgemein","8":"tag-handelsvorbereitung","9":"tag-konjunkturdaten","10":"tag-unternehmensdaten","11":"tag-wirtschaftsdaten"},"yoast_head":"<!-- This site is optimized with the Yoast SEO plugin v27.4 - https:\/\/yoast.com\/product\/yoast-seo-wordpress\/ -->\n<title>B\u00f6rse - Wirtschaftsdaten des Tages: GfK-Konsumklimaindikator f\u00fcr Juli - Trading-Ideen.de<\/title>\n<meta name=\"robots\" content=\"index, follow, max-snippet:-1, max-image-preview:large, max-video-preview:-1\" \/>\n<link rel=\"canonical\" href=\"https:\/\/www.trading-ideen.de\/wordpress\/boerse-wirtschaftsdaten-des-tages-gfk-konsumklimaindikator-fuer-juli\/\" \/>\n<meta name=\"twitter:label1\" content=\"Verfasst von\" \/>\n\t<meta name=\"twitter:data1\" content=\"Till\" \/>\n\t<meta name=\"twitter:label2\" content=\"Gesch\u00e4tzte Lesezeit\" \/>\n\t<meta name=\"twitter:data2\" content=\"1\u00a0Minute\" \/>\n<script type=\"application\/ld+json\" class=\"yoast-schema-graph\">{\"@context\":\"https:\\\/\\\/schema.org\",\"@graph\":[{\"@type\":\"Article\",\"@id\":\"https:\\\/\\\/www.trading-ideen.de\\\/wordpress\\\/boerse-wirtschaftsdaten-des-tages-gfk-konsumklimaindikator-fuer-juli\\\/#article\",\"isPartOf\":{\"@id\":\"https:\\\/\\\/www.trading-ideen.de\\\/wordpress\\\/boerse-wirtschaftsdaten-des-tages-gfk-konsumklimaindikator-fuer-juli\\\/\"},\"author\":{\"name\":\"Till\",\"@id\":\"https:\\\/\\\/www.trading-ideen.de\\\/wordpress\\\/#\\\/schema\\\/person\\\/81ad3de60a017521d95ae433c7939c65\"},\"headline\":\"B\u00f6rse &#8211; Wirtschaftsdaten des Tages: GfK-Konsumklimaindikator f\u00fcr Juli\",\"datePublished\":\"2016-06-29T05:34:57+00:00\",\"mainEntityOfPage\":{\"@id\":\"https:\\\/\\\/www.trading-ideen.de\\\/wordpress\\\/boerse-wirtschaftsdaten-des-tages-gfk-konsumklimaindikator-fuer-juli\\\/\"},\"wordCount\":256,\"commentCount\":0,\"image\":{\"@id\":\"https:\\\/\\\/www.trading-ideen.de\\\/wordpress\\\/boerse-wirtschaftsdaten-des-tages-gfk-konsumklimaindikator-fuer-juli\\\/#primaryimage\"},\"thumbnailUrl\":\"https:\\\/\\\/www.trading-ideen.de\\\/wordpress\\\/wp-content\\\/uploads\\\/2015\\\/08\\\/Uhr_Wirtschaftsdaten.jpg\",\"keywords\":[\"Handelsvorbereitung\",\"Konjunkturdaten\",\"Unternehmensdaten\",\"Wirtschaftsdaten\"],\"inLanguage\":\"de\",\"potentialAction\":[{\"@type\":\"CommentAction\",\"name\":\"Comment\",\"target\":[\"https:\\\/\\\/www.trading-ideen.de\\\/wordpress\\\/boerse-wirtschaftsdaten-des-tages-gfk-konsumklimaindikator-fuer-juli\\\/#respond\"]}]},{\"@type\":\"WebPage\",\"@id\":\"https:\\\/\\\/www.trading-ideen.de\\\/wordpress\\\/boerse-wirtschaftsdaten-des-tages-gfk-konsumklimaindikator-fuer-juli\\\/\",\"url\":\"https:\\\/\\\/www.trading-ideen.de\\\/wordpress\\\/boerse-wirtschaftsdaten-des-tages-gfk-konsumklimaindikator-fuer-juli\\\/\",\"name\":\"B\u00f6rse - Wirtschaftsdaten des Tages: GfK-Konsumklimaindikator f\u00fcr Juli - Trading-Ideen.de\",\"isPartOf\":{\"@id\":\"https:\\\/\\\/www.trading-ideen.de\\\/wordpress\\\/#website\"},\"primaryImageOfPage\":{\"@id\":\"https:\\\/\\\/www.trading-ideen.de\\\/wordpress\\\/boerse-wirtschaftsdaten-des-tages-gfk-konsumklimaindikator-fuer-juli\\\/#primaryimage\"},\"image\":{\"@id\":\"https:\\\/\\\/www.trading-ideen.de\\\/wordpress\\\/boerse-wirtschaftsdaten-des-tages-gfk-konsumklimaindikator-fuer-juli\\\/#primaryimage\"},\"thumbnailUrl\":\"https:\\\/\\\/www.trading-ideen.de\\\/wordpress\\\/wp-content\\\/uploads\\\/2015\\\/08\\\/Uhr_Wirtschaftsdaten.jpg\",\"datePublished\":\"2016-06-29T05:34:57+00:00\",\"author\":{\"@id\":\"https:\\\/\\\/www.trading-ideen.de\\\/wordpress\\\/#\\\/schema\\\/person\\\/81ad3de60a017521d95ae433c7939c65\"},\"breadcrumb\":{\"@id\":\"https:\\\/\\\/www.trading-ideen.de\\\/wordpress\\\/boerse-wirtschaftsdaten-des-tages-gfk-konsumklimaindikator-fuer-juli\\\/#breadcrumb\"},\"inLanguage\":\"de\",\"potentialAction\":[{\"@type\":\"ReadAction\",\"target\":[\"https:\\\/\\\/www.trading-ideen.de\\\/wordpress\\\/boerse-wirtschaftsdaten-des-tages-gfk-konsumklimaindikator-fuer-juli\\\/\"]}]},{\"@type\":\"ImageObject\",\"inLanguage\":\"de\",\"@id\":\"https:\\\/\\\/www.trading-ideen.de\\\/wordpress\\\/boerse-wirtschaftsdaten-des-tages-gfk-konsumklimaindikator-fuer-juli\\\/#primaryimage\",\"url\":\"https:\\\/\\\/www.trading-ideen.de\\\/wordpress\\\/wp-content\\\/uploads\\\/2015\\\/08\\\/Uhr_Wirtschaftsdaten.jpg\",\"contentUrl\":\"https:\\\/\\\/www.trading-ideen.de\\\/wordpress\\\/wp-content\\\/uploads\\\/2015\\\/08\\\/Uhr_Wirtschaftsdaten.jpg\",\"width\":640,\"height\":426,\"caption\":\"Quelle: pixabay\"},{\"@type\":\"BreadcrumbList\",\"@id\":\"https:\\\/\\\/www.trading-ideen.de\\\/wordpress\\\/boerse-wirtschaftsdaten-des-tages-gfk-konsumklimaindikator-fuer-juli\\\/#breadcrumb\",\"itemListElement\":[{\"@type\":\"ListItem\",\"position\":1,\"name\":\"Home\",\"item\":\"https:\\\/\\\/www.trading-ideen.de\\\/wordpress\\\/\"},{\"@type\":\"ListItem\",\"position\":2,\"name\":\"B\u00f6rse &#8211; Wirtschaftsdaten des Tages: GfK-Konsumklimaindikator f\u00fcr Juli\"}]},{\"@type\":\"WebSite\",\"@id\":\"https:\\\/\\\/www.trading-ideen.de\\\/wordpress\\\/#website\",\"url\":\"https:\\\/\\\/www.trading-ideen.de\\\/wordpress\\\/\",\"name\":\"Trading-Ideen.de\",\"description\":\"Tipps und Gedanken zur B\u00f6rse\",\"potentialAction\":[{\"@type\":\"SearchAction\",\"target\":{\"@type\":\"EntryPoint\",\"urlTemplate\":\"https:\\\/\\\/www.trading-ideen.de\\\/wordpress\\\/?s={search_term_string}\"},\"query-input\":{\"@type\":\"PropertyValueSpecification\",\"valueRequired\":true,\"valueName\":\"search_term_string\"}}],\"inLanguage\":\"de\"},{\"@type\":\"Person\",\"@id\":\"https:\\\/\\\/www.trading-ideen.de\\\/wordpress\\\/#\\\/schema\\\/person\\\/81ad3de60a017521d95ae433c7939c65\",\"name\":\"Till\",\"url\":\"https:\\\/\\\/www.trading-ideen.de\\\/wordpress\\\/author\\\/till\\\/\"}]}<\/script>\n<!-- \/ Yoast SEO plugin. -->","yoast_head_json":{"title":"B\u00f6rse - Wirtschaftsdaten des Tages: GfK-Konsumklimaindikator f\u00fcr Juli - Trading-Ideen.de","robots":{"index":"index","follow":"follow","max-snippet":"max-snippet:-1","max-image-preview":"max-image-preview:large","max-video-preview":"max-video-preview:-1"},"canonical":"https:\/\/www.trading-ideen.de\/wordpress\/boerse-wirtschaftsdaten-des-tages-gfk-konsumklimaindikator-fuer-juli\/","twitter_misc":{"Verfasst von":"Till","Gesch\u00e4tzte Lesezeit":"1\u00a0Minute"},"schema":{"@context":"https:\/\/schema.org","@graph":[{"@type":"Article","@id":"https:\/\/www.trading-ideen.de\/wordpress\/boerse-wirtschaftsdaten-des-tages-gfk-konsumklimaindikator-fuer-juli\/#article","isPartOf":{"@id":"https:\/\/www.trading-ideen.de\/wordpress\/boerse-wirtschaftsdaten-des-tages-gfk-konsumklimaindikator-fuer-juli\/"},"author":{"name":"Till","@id":"https:\/\/www.trading-ideen.de\/wordpress\/#\/schema\/person\/81ad3de60a017521d95ae433c7939c65"},"headline":"B\u00f6rse &#8211; Wirtschaftsdaten des Tages: GfK-Konsumklimaindikator f\u00fcr Juli","datePublished":"2016-06-29T05:34:57+00:00","mainEntityOfPage":{"@id":"https:\/\/www.trading-ideen.de\/wordpress\/boerse-wirtschaftsdaten-des-tages-gfk-konsumklimaindikator-fuer-juli\/"},"wordCount":256,"commentCount":0,"image":{"@id":"https:\/\/www.trading-ideen.de\/wordpress\/boerse-wirtschaftsdaten-des-tages-gfk-konsumklimaindikator-fuer-juli\/#primaryimage"},"thumbnailUrl":"https:\/\/www.trading-ideen.de\/wordpress\/wp-content\/uploads\/2015\/08\/Uhr_Wirtschaftsdaten.jpg","keywords":["Handelsvorbereitung","Konjunkturdaten","Unternehmensdaten","Wirtschaftsdaten"],"inLanguage":"de","potentialAction":[{"@type":"CommentAction","name":"Comment","target":["https:\/\/www.trading-ideen.de\/wordpress\/boerse-wirtschaftsdaten-des-tages-gfk-konsumklimaindikator-fuer-juli\/#respond"]}]},{"@type":"WebPage","@id":"https:\/\/www.trading-ideen.de\/wordpress\/boerse-wirtschaftsdaten-des-tages-gfk-konsumklimaindikator-fuer-juli\/","url":"https:\/\/www.trading-ideen.de\/wordpress\/boerse-wirtschaftsdaten-des-tages-gfk-konsumklimaindikator-fuer-juli\/","name":"B\u00f6rse - Wirtschaftsdaten des Tages: GfK-Konsumklimaindikator f\u00fcr Juli - Trading-Ideen.de","isPartOf":{"@id":"https:\/\/www.trading-ideen.de\/wordpress\/#website"},"primaryImageOfPage":{"@id":"https:\/\/www.trading-ideen.de\/wordpress\/boerse-wirtschaftsdaten-des-tages-gfk-konsumklimaindikator-fuer-juli\/#primaryimage"},"image":{"@id":"https:\/\/www.trading-ideen.de\/wordpress\/boerse-wirtschaftsdaten-des-tages-gfk-konsumklimaindikator-fuer-juli\/#primaryimage"},"thumbnailUrl":"https:\/\/www.trading-ideen.de\/wordpress\/wp-content\/uploads\/2015\/08\/Uhr_Wirtschaftsdaten.jpg","datePublished":"2016-06-29T05:34:57+00:00","author":{"@id":"https:\/\/www.trading-ideen.de\/wordpress\/#\/schema\/person\/81ad3de60a017521d95ae433c7939c65"},"breadcrumb":{"@id":"https:\/\/www.trading-ideen.de\/wordpress\/boerse-wirtschaftsdaten-des-tages-gfk-konsumklimaindikator-fuer-juli\/#breadcrumb"},"inLanguage":"de","potentialAction":[{"@type":"ReadAction","target":["https:\/\/www.trading-ideen.de\/wordpress\/boerse-wirtschaftsdaten-des-tages-gfk-konsumklimaindikator-fuer-juli\/"]}]},{"@type":"ImageObject","inLanguage":"de","@id":"https:\/\/www.trading-ideen.de\/wordpress\/boerse-wirtschaftsdaten-des-tages-gfk-konsumklimaindikator-fuer-juli\/#primaryimage","url":"https:\/\/www.trading-ideen.de\/wordpress\/wp-content\/uploads\/2015\/08\/Uhr_Wirtschaftsdaten.jpg","contentUrl":"https:\/\/www.trading-ideen.de\/wordpress\/wp-content\/uploads\/2015\/08\/Uhr_Wirtschaftsdaten.jpg","width":640,"height":426,"caption":"Quelle: pixabay"},{"@type":"BreadcrumbList","@id":"https:\/\/www.trading-ideen.de\/wordpress\/boerse-wirtschaftsdaten-des-tages-gfk-konsumklimaindikator-fuer-juli\/#breadcrumb","itemListElement":[{"@type":"ListItem","position":1,"name":"Home","item":"https:\/\/www.trading-ideen.de\/wordpress\/"},{"@type":"ListItem","position":2,"name":"B\u00f6rse &#8211; Wirtschaftsdaten des Tages: GfK-Konsumklimaindikator f\u00fcr Juli"}]},{"@type":"WebSite","@id":"https:\/\/www.trading-ideen.de\/wordpress\/#website","url":"https:\/\/www.trading-ideen.de\/wordpress\/","name":"Trading-Ideen.de","description":"Tipps und Gedanken zur B\u00f6rse","potentialAction":[{"@type":"SearchAction","target":{"@type":"EntryPoint","urlTemplate":"https:\/\/www.trading-ideen.de\/wordpress\/?s={search_term_string}"},"query-input":{"@type":"PropertyValueSpecification","valueRequired":true,"valueName":"search_term_string"}}],"inLanguage":"de"},{"@type":"Person","@id":"https:\/\/www.trading-ideen.de\/wordpress\/#\/schema\/person\/81ad3de60a017521d95ae433c7939c65","name":"Till","url":"https:\/\/www.trading-ideen.de\/wordpress\/author\/till\/"}]}},"_links":{"self":[{"href":"https:\/\/www.trading-ideen.de\/wordpress\/wp-json\/wp\/v2\/posts\/3175","targetHints":{"allow":["GET"]}}],"collection":[{"href":"https:\/\/www.trading-ideen.de\/wordpress\/wp-json\/wp\/v2\/posts"}],"about":[{"href":"https:\/\/www.trading-ideen.de\/wordpress\/wp-json\/wp\/v2\/types\/post"}],"author":[{"embeddable":true,"href":"https:\/\/www.trading-ideen.de\/wordpress\/wp-json\/wp\/v2\/users\/3"}],"replies":[{"embeddable":true,"href":"https:\/\/www.trading-ideen.de\/wordpress\/wp-json\/wp\/v2\/comments?post=3175"}],"version-history":[{"count":1,"href":"https:\/\/www.trading-ideen.de\/wordpress\/wp-json\/wp\/v2\/posts\/3175\/revisions"}],"predecessor-version":[{"id":3176,"href":"https:\/\/www.trading-ideen.de\/wordpress\/wp-json\/wp\/v2\/posts\/3175\/revisions\/3176"}],"wp:featuredmedia":[{"embeddable":true,"href":"https:\/\/www.trading-ideen.de\/wordpress\/wp-json\/wp\/v2\/media\/728"}],"wp:attachment":[{"href":"https:\/\/www.trading-ideen.de\/wordpress\/wp-json\/wp\/v2\/media?parent=3175"}],"wp:term":[{"taxonomy":"category","embeddable":true,"href":"https:\/\/www.trading-ideen.de\/wordpress\/wp-json\/wp\/v2\/categories?post=3175"},{"taxonomy":"post_tag","embeddable":true,"href":"https:\/\/www.trading-ideen.de\/wordpress\/wp-json\/wp\/v2\/tags?post=3175"}],"curies":[{"name":"wp","href":"https:\/\/api.w.org\/{rel}","templated":true}]}}